[{"@context":"https:\/\/schema.org\/","@type":"Article","@id":"https:\/\/www.delila.cz\/vyhradte-si-vikend-pro-odpocinek-v-doprovodu-vaseho-protejsku\/#Article","mainEntityOfPage":"https:\/\/www.delila.cz\/vyhradte-si-vikend-pro-odpocinek-v-doprovodu-vaseho-protejsku\/","headline":"Vyhra\u010fte si v\u00edkend pro odpo\u010dinek v doprovodu Va\u0161eho prot\u011bj\u0161ku","name":"Vyhra\u010fte si v\u00edkend pro odpo\u010dinek v doprovodu Va\u0161eho prot\u011bj\u0161ku","description":"Cht\u011bli byste n\u011bjak\u00fd \u010das str\u00e1vit v malebn\u00e9m prost\u0159ed\u00ed l\u00e1ze\u0148sk\u00e9ho m\u011bste\u010dka v \u010cech\u00e1ch, na Morav\u011b, ve Slezsku? Uva\u017eujete o objedn\u00e1vce pobytu, jak\u00fdm je wellness v\u00edkend pro dva v n\u011bkter\u00e9m z hotelov\u00fdch wellness komplex\u016f? Hodl\u00e1te si u\u017e\u00edt relaxa\u010dn\u00ed aktivity na hor\u00e1ch? Mo\u017enost vybrat si dle Va\u0161ich konkr\u00e9tn\u00edch p\u0159\u00e1n\u00ed speci\u00e1ln\u00ed wellness v\u00edkend pro dva V\u00e1m ide\u00e1ln\u00ed formou zprost\u0159edkuje specializovan\u00fd internetov\u00fd [&hellip;]","datePublished":"2025-01-12","dateModified":"2025-01-12","author":{"@type":"Person","@id":"https:\/\/www.delila.cz\/author\/#Person","name":"delila.cz","url":"https:\/\/www.delila.cz\/author\/","identifier":1,"image":{"@type":"ImageObject","@id":"https:\/\/secure.gravatar.com\/avatar\/cbcb92d2d459f60d1dc08d6e5973c6b0ed1017e8a3b51da0599e03841cfa81e6?s=96&d=mm&r=g","url":"https:\/\/secure.gravatar.com\/avatar\/cbcb92d2d459f60d1dc08d6e5973c6b0ed1017e8a3b51da0599e03841cfa81e6?s=96&d=mm&r=g","height":96,"width":96}},"publisher":{"@type":"Organization","name":"delila.cz","logo":{"@type":"ImageObject","@id":"\/logo.png","url":"\/logo.png","width":600,"height":60}},"url":"https:\/\/www.delila.cz\/vyhradte-si-vikend-pro-odpocinek-v-doprovodu-vaseho-protejsku\/","wordCount":221,"articleBody":"Cht\u011bli byste n\u011bjak\u00fd \u010das str\u00e1vit v malebn\u00e9m prost\u0159ed\u00ed l\u00e1ze\u0148sk\u00e9ho m\u011bste\u010dka v \u010cech\u00e1ch, na Morav\u011b, ve Slezsku? Uva\u017eujete o objedn\u00e1vce pobytu, jak\u00fdm je wellness v\u00edkend pro dva v n\u011bkter\u00e9m z hotelov\u00fdch wellness komplex\u016f? Hodl\u00e1te si u\u017e\u00edt relaxa\u010dn\u00ed aktivity na hor\u00e1ch? Mo\u017enost vybrat si dle Va\u0161ich konkr\u00e9tn\u00edch p\u0159\u00e1n\u00ed speci\u00e1ln\u00ed wellness v\u00edkend pro dva V\u00e1m ide\u00e1ln\u00ed formou zprost\u0159edkuje specializovan\u00fd internetov\u00fd port\u00e1l, jeho\u017e obsah shrnuje nab\u00eddku nejr\u016fzn\u011bj\u0161\u00edch relaxa\u010dn\u00edch center. Nahl\u00e9dn\u011bte do inspiruj\u00edc\u00edch kategori\u00ed ubytov\u00e1n\u00ed, stravov\u00e1n\u00ed i relaxa\u010dn\u00edch procedur tak\u00e9 Vy. U\u017eijte si dokonalou relaxa\u010dn\u00ed p\u00e9\u010di ze strany profesion\u00e1l\u016f Mimo\u0159\u00e1dn\u00fd wellness v\u00edkend pro dva si dop\u0159ejte pro Va\u0161e zdrav\u00ed, pro Va\u0161i kr\u00e1su i pro Va\u0161i stoprocentn\u00ed spokojenost ve vztahu. \u00danava, nuda a zdravotn\u00ed probl\u00e9my nebudou m\u00edt \u0161anci. Vsa\u010fte na bal\u00ed\u010dek inspiruj\u00edc\u00edch slu\u017eeb intenzivn\u00ed relaxace, kterou m\u016f\u017eete v r\u00e1mci v\u00edkendov\u00e9ho pobytu str\u00e1vit po boku Va\u0161eho partnera, ale kterou si m\u016f\u017eete u\u017e\u00edt tak\u00e9 s kamar\u00e1dkou a s k\u00fdmkoliv bl\u00edzk\u00fdm.                                                                                                                                                                                                                                                                                                                                                                                        4.7\/5 - (3 votes)        "},{"@context":"https:\/\/schema.org\/","@type":"BreadcrumbList","itemListElement":[{"@type":"ListItem","position":1,"name":"Vyhra\u010fte si v\u00edkend pro odpo\u010dinek v doprovodu Va\u0161eho prot\u011bj\u0161ku","item":"https:\/\/www.delila.cz\/vyhradte-si-vikend-pro-odpocinek-v-doprovodu-vaseho-protejsku\/#breadcrumbitem"}]}]