[{"@context":"https:\/\/schema.org\/","@type":"Article","@id":"https:\/\/www.delila.cz\/s-nekym-kdo-se-specializuje-na-patrove-postele-dostanete-kvalitu\/#Article","mainEntityOfPage":"https:\/\/www.delila.cz\/s-nekym-kdo-se-specializuje-na-patrove-postele-dostanete-kvalitu\/","headline":"S n\u011bk\u00fdm, kdo se specializuje na patrov\u00e9 postele, dostanete kvalitu","name":"S n\u011bk\u00fdm, kdo se specializuje na patrov\u00e9 postele, dostanete kvalitu","description":"Ka\u017ed\u00fd by cht\u011bl m\u00edt doma modern\u00ed vybaven\u00ed, kter\u00e9 je nejen kvalitn\u00ed a odoln\u00e9, ale i stylov\u00e9 a hod\u00ed se ke zbytku dom\u00e1cnosti. Jestli se i vy chcete st\u00e1t jedn\u00edm z t\u011bchto lid\u00ed a pot\u0159ebujete dodavatele, kter\u00fd m\u00e1 v\u00a0nab\u00eddce patrov\u00e9 postele pro d\u011bti, nev\u00e1hejte a obra\u0165te se na n\u011bkoho, jako jsme my. V\u00edme, jak v\u0161em lidem dodat vysokou [&hellip;]","datePublished":"2024-04-02","dateModified":"2024-04-02","author":{"@type":"Person","@id":"https:\/\/www.delila.cz\/author\/#Person","name":"delila.cz","url":"https:\/\/www.delila.cz\/author\/","identifier":1,"image":{"@type":"ImageObject","@id":"https:\/\/secure.gravatar.com\/avatar\/cbcb92d2d459f60d1dc08d6e5973c6b0ed1017e8a3b51da0599e03841cfa81e6?s=96&d=mm&r=g","url":"https:\/\/secure.gravatar.com\/avatar\/cbcb92d2d459f60d1dc08d6e5973c6b0ed1017e8a3b51da0599e03841cfa81e6?s=96&d=mm&r=g","height":96,"width":96}},"publisher":{"@type":"Organization","name":"delila.cz","logo":{"@type":"ImageObject","@id":"\/logo.png","url":"\/logo.png","width":600,"height":60}},"url":"https:\/\/www.delila.cz\/s-nekym-kdo-se-specializuje-na-patrove-postele-dostanete-kvalitu\/","wordCount":242,"articleBody":"Ka\u017ed\u00fd by cht\u011bl m\u00edt doma modern\u00ed vybaven\u00ed, kter\u00e9 je nejen kvalitn\u00ed a odoln\u00e9, ale i stylov\u00e9 a hod\u00ed se ke zbytku dom\u00e1cnosti. Jestli se i vy chcete st\u00e1t jedn\u00edm z t\u011bchto lid\u00ed a pot\u0159ebujete dodavatele, kter\u00fd m\u00e1 v\u00a0nab\u00eddce patrov\u00e9 postele pro d\u011bti, nev\u00e1hejte a obra\u0165te se na n\u011bkoho, jako jsme my. V\u00edme, jak v\u0161em lidem dodat vysokou kvalitu a chceme, abyste se na n\u00e1s mohli i vy ve v\u0161em spolehnout. Pr\u00e1v\u011b proto jsme si z\u00edskali skv\u011blou pov\u011bst a chceme, abyste se i vy mohli st\u00e1t jednodu\u0161e a rychle na\u0161imi z\u00e1kazn\u00edky. Proto v\u00e1m d\u00e1v\u00edme profesion\u00e1ln\u00ed popisy a rady a m\u00e1te d\u00edky tomu jistotu, \u017ee jsme doopravdy jedni\u010dkou v\u00a0tom, co d\u011bl\u00e1me. Ov\u011b\u0159te si i vy toto v\u0161echno s\u00a0n\u00e1mi.\tTen prav\u00fd model najdete i vyNez\u00e1le\u017e\u00ed, do jak\u00e9ho stylu je lad\u011bn pokoj va\u0161ich nejmen\u0161\u00edch. Na\u0161e firma v\u00e1m nab\u00edz\u00ed \u0161irokou paletu barevn\u00fdch proveden\u00ed, model\u016f a typ\u016f, d\u00edky \u010demu si u n\u00e1s doopravdy ka\u017ed\u00fd najde to, co chce a pot\u0159ebuje. I d\u00edky tomu jsme vyhled\u00e1van\u00fdm dodavatelem pro mnoho lid\u00ed po cel\u00e9m \u010cesku. P\u0159ipojte se k\u00a0na\u0161im z\u00e1kazn\u00edk\u016fm snadno a rychle i vy.                                                                                                                                                                                                                                                                                                                                                                                        4\/5 - (8 votes)        "},{"@context":"https:\/\/schema.org\/","@type":"BreadcrumbList","itemListElement":[{"@type":"ListItem","position":1,"name":"S n\u011bk\u00fdm, kdo se specializuje na patrov\u00e9 postele, dostanete kvalitu","item":"https:\/\/www.delila.cz\/s-nekym-kdo-se-specializuje-na-patrove-postele-dostanete-kvalitu\/#breadcrumbitem"}]}]