[{"@context":"https:\/\/schema.org\/","@type":"Blog","@id":"https:\/\/www.delila.cz#Blog","headline":"Delila","description":"\nI k\u0159e\u010dek je jenom \u010dlov\u011bk. A i on m\u00e1 sv\u00e9 n\u00e1roky a sv\u00e1 pr\u00e1va. Stejn\u011b jako existuj\u00ed i pr\u00e1va kr\u00e1li\u010d\u00ed, \u010din\u010dil\u00ed, vever\u010d\u00ed a dal\u0161\u00ed. V\u00edte, jak jim prosp\u011bt takov\u00fdm tvor\u016fm?","url":"https:\/\/www.delila.cz","hasPart":[{"@type":"Article","@id":"https:\/\/www.delila.cz\/ochrana-proti-komarum-a-dalsimu-hmyzu\/","headline":"Ochrana proti kom\u00e1r\u016fm a dal\u0161\u00edmu hmyzu","url":"https:\/\/www.delila.cz\/ochrana-proti-komarum-a-dalsimu-hmyzu\/","datePublished":"2018-06-03","dateModified":"2018-06-03","mainEntityOfPage":"https:\/\/www.delila.cz\/ochrana-proti-komarum-a-dalsimu-hmyzu\/","author":{"@type":"Person","@id":"https:\/\/www.delila.cz\/author\/#Person","name":"delila.cz","url":"https:\/\/www.delila.cz\/author\/","identifier":1,"image":{"@type":"ImageObject","@id":"https:\/\/secure.gravatar.com\/avatar\/cbcb92d2d459f60d1dc08d6e5973c6b0ed1017e8a3b51da0599e03841cfa81e6?s=96&d=mm&r=g","url":"https:\/\/secure.gravatar.com\/avatar\/cbcb92d2d459f60d1dc08d6e5973c6b0ed1017e8a3b51da0599e03841cfa81e6?s=96&d=mm&r=g","height":96,"width":96}},"publisher":{"@type":"Organization","name":"delila.cz","logo":{"@type":"ImageObject","@id":"\/logo.png","url":"\/logo.png","width":600,"height":60}},"image":{"@type":"ImageObject","@id":"https:\/\/www.delila.cz\/wp-content\/uploads\/img_a320905_w2434_t1532163009.png","url":"https:\/\/www.delila.cz\/wp-content\/uploads\/img_a320905_w2434_t1532163009.png","height":0,"width":0},"wordCount":4583,"keywords":null},{"@type":"Article","@id":"https:\/\/www.delila.cz\/volba-se-kterou-budete-spokojeni\/","headline":"Volba, se kterou budete spokojeni","url":"https:\/\/www.delila.cz\/volba-se-kterou-budete-spokojeni\/","datePublished":"2018-05-15","dateModified":"2018-05-15","mainEntityOfPage":"https:\/\/www.delila.cz\/volba-se-kterou-budete-spokojeni\/","author":{"@type":"Person","@id":"https:\/\/www.delila.cz\/author\/#Person","name":"delila.cz","url":"https:\/\/www.delila.cz\/author\/","identifier":1,"image":{"@type":"ImageObject","@id":"https:\/\/secure.gravatar.com\/avatar\/cbcb92d2d459f60d1dc08d6e5973c6b0ed1017e8a3b51da0599e03841cfa81e6?s=96&d=mm&r=g","url":"https:\/\/secure.gravatar.com\/avatar\/cbcb92d2d459f60d1dc08d6e5973c6b0ed1017e8a3b51da0599e03841cfa81e6?s=96&d=mm&r=g","height":96,"width":96}},"publisher":{"@type":"Organization","name":"delila.cz","logo":{"@type":"ImageObject","@id":"\/logo.png","url":"\/logo.png","width":600,"height":60}},"image":{"@type":"ImageObject","@id":"https:\/\/www.delila.cz\/wp-content\/uploads\/img_a316735_w2434_t1527670838.jpg","url":"https:\/\/www.delila.cz\/wp-content\/uploads\/img_a316735_w2434_t1527670838.jpg","height":0,"width":0},"wordCount":581,"keywords":null},{"@type":"Article","@id":"https:\/\/www.delila.cz\/obsadte-prvni-pozice\/","headline":"Obsa\u010fte prvn\u00ed pozice","url":"https:\/\/www.delila.cz\/obsadte-prvni-pozice\/","datePublished":"2018-04-05","dateModified":"2018-04-05","mainEntityOfPage":"https:\/\/www.delila.cz\/obsadte-prvni-pozice\/","author":{"@type":"Person","@id":"https:\/\/www.delila.cz\/author\/#Person","name":"delila.cz","url":"https:\/\/www.delila.cz\/author\/","identifier":1,"image":{"@type":"ImageObject","@id":"https:\/\/secure.gravatar.com\/avatar\/cbcb92d2d459f60d1dc08d6e5973c6b0ed1017e8a3b51da0599e03841cfa81e6?s=96&d=mm&r=g","url":"https:\/\/secure.gravatar.com\/avatar\/cbcb92d2d459f60d1dc08d6e5973c6b0ed1017e8a3b51da0599e03841cfa81e6?s=96&d=mm&r=g","height":96,"width":96}},"publisher":{"@type":"Organization","name":"delila.cz","logo":{"@type":"ImageObject","@id":"\/logo.png","url":"\/logo.png","width":600,"height":60}},"image":{"@type":"ImageObject","@id":"https:\/\/www.delila.cz\/wp-content\/uploads\/img_a317357_w2122_t1528111705.jpg","url":"https:\/\/www.delila.cz\/wp-content\/uploads\/img_a317357_w2122_t1528111705.jpg","height":0,"width":0},"wordCount":540,"keywords":null},{"@type":"Article","@id":"https:\/\/www.delila.cz\/autoskola-nema-dostatek-prostoru-pro-rozsahlou-vyuku-jizdy-na-motorce\/","headline":"Auto\u0161kola nem\u00e1 dostatek prostoru pro rozs\u00e1hlou v\u00fduku j\u00edzdy na motorce","url":"https:\/\/www.delila.cz\/autoskola-nema-dostatek-prostoru-pro-rozsahlou-vyuku-jizdy-na-motorce\/","datePublished":"2018-03-24","dateModified":"2018-03-24","mainEntityOfPage":"https:\/\/www.delila.cz\/autoskola-nema-dostatek-prostoru-pro-rozsahlou-vyuku-jizdy-na-motorce\/","author":{"@type":"Person","@id":"https:\/\/www.delila.cz\/author\/#Person","name":"delila.cz","url":"https:\/\/www.delila.cz\/author\/","identifier":1,"image":{"@type":"ImageObject","@id":"https:\/\/secure.gravatar.com\/avatar\/cbcb92d2d459f60d1dc08d6e5973c6b0ed1017e8a3b51da0599e03841cfa81e6?s=96&d=mm&r=g","url":"https:\/\/secure.gravatar.com\/avatar\/cbcb92d2d459f60d1dc08d6e5973c6b0ed1017e8a3b51da0599e03841cfa81e6?s=96&d=mm&r=g","height":96,"width":96}},"publisher":{"@type":"Organization","name":"delila.cz","logo":{"@type":"ImageObject","@id":"\/logo.png","url":"\/logo.png","width":600,"height":60}},"image":{"@type":"ImageObject","@id":"https:\/\/www.delila.cz\/wp-content\/uploads\/img_a314503_w2434_t1525344844.jpg","url":"https:\/\/www.delila.cz\/wp-content\/uploads\/img_a314503_w2434_t1525344844.jpg","height":0,"width":0},"wordCount":528,"keywords":null},{"@type":"Article","@id":"https:\/\/www.delila.cz\/to-prave-pro-vasi-spokojenost\/","headline":"To prav\u00e9 pro Va\u0161i spokojenost","url":"https:\/\/www.delila.cz\/to-prave-pro-vasi-spokojenost\/","datePublished":"2018-03-17","dateModified":"2018-03-17","mainEntityOfPage":"https:\/\/www.delila.cz\/to-prave-pro-vasi-spokojenost\/","author":{"@type":"Person","@id":"https:\/\/www.delila.cz\/author\/#Person","name":"delila.cz","url":"https:\/\/www.delila.cz\/author\/","identifier":1,"image":{"@type":"ImageObject","@id":"https:\/\/secure.gravatar.com\/avatar\/cbcb92d2d459f60d1dc08d6e5973c6b0ed1017e8a3b51da0599e03841cfa81e6?s=96&d=mm&r=g","url":"https:\/\/secure.gravatar.com\/avatar\/cbcb92d2d459f60d1dc08d6e5973c6b0ed1017e8a3b51da0599e03841cfa81e6?s=96&d=mm&r=g","height":96,"width":96}},"publisher":{"@type":"Organization","name":"delila.cz","logo":{"@type":"ImageObject","@id":"\/logo.png","url":"\/logo.png","width":600,"height":60}},"image":{"@type":"ImageObject","@id":"https:\/\/www.delila.cz\/wp-content\/uploads\/img_a315411_w2101_t1526298177.jpg","url":"https:\/\/www.delila.cz\/wp-content\/uploads\/img_a315411_w2101_t1526298177.jpg","height":0,"width":0},"wordCount":518,"keywords":null},{"@type":"Article","@id":"https:\/\/www.delila.cz\/dovolena-v-chorvatsku\/","headline":"Dovolen\u00e1 v Chorvatsku","url":"https:\/\/www.delila.cz\/dovolena-v-chorvatsku\/","datePublished":"2018-03-03","dateModified":"2018-03-03","mainEntityOfPage":"https:\/\/www.delila.cz\/dovolena-v-chorvatsku\/","author":{"@type":"Person","@id":"https:\/\/www.delila.cz\/author\/#Person","name":"delila.cz","url":"https:\/\/www.delila.cz\/author\/","identifier":1,"image":{"@type":"ImageObject","@id":"https:\/\/secure.gravatar.com\/avatar\/cbcb92d2d459f60d1dc08d6e5973c6b0ed1017e8a3b51da0599e03841cfa81e6?s=96&d=mm&r=g","url":"https:\/\/secure.gravatar.com\/avatar\/cbcb92d2d459f60d1dc08d6e5973c6b0ed1017e8a3b51da0599e03841cfa81e6?s=96&d=mm&r=g","height":96,"width":96}},"publisher":{"@type":"Organization","name":"delila.cz","logo":{"@type":"ImageObject","@id":"\/logo.png","url":"\/logo.png","width":600,"height":60}},"image":{"@type":"ImageObject","@id":"https:\/\/www.delila.cz\/wp-content\/uploads\/img_a312874_w2445_t1523612513.jpg","url":"https:\/\/www.delila.cz\/wp-content\/uploads\/img_a312874_w2445_t1523612513.jpg","height":0,"width":0},"wordCount":511,"keywords":null},{"@type":"Article","@id":"https:\/\/www.delila.cz\/nizka-spotreba-a-skvely-vykon\/","headline":"N\u00edzk\u00e1 spot\u0159eba a skv\u011bl\u00fd v\u00fdkon","url":"https:\/\/www.delila.cz\/nizka-spotreba-a-skvely-vykon\/","datePublished":"2018-02-25","dateModified":"2018-02-25","mainEntityOfPage":"https:\/\/www.delila.cz\/nizka-spotreba-a-skvely-vykon\/","author":{"@type":"Person","@id":"https:\/\/www.delila.cz\/author\/#Person","name":"delila.cz","url":"https:\/\/www.delila.cz\/author\/","identifier":1,"image":{"@type":"ImageObject","@id":"https:\/\/secure.gravatar.com\/avatar\/cbcb92d2d459f60d1dc08d6e5973c6b0ed1017e8a3b51da0599e03841cfa81e6?s=96&d=mm&r=g","url":"https:\/\/secure.gravatar.com\/avatar\/cbcb92d2d459f60d1dc08d6e5973c6b0ed1017e8a3b51da0599e03841cfa81e6?s=96&d=mm&r=g","height":96,"width":96}},"publisher":{"@type":"Organization","name":"delila.cz","logo":{"@type":"ImageObject","@id":"\/logo.png","url":"\/logo.png","width":600,"height":60}},"image":{"@type":"ImageObject","@id":"https:\/\/www.delila.cz\/wp-content\/uploads\/img_a314041_w2434_t1524815450.jpg","url":"https:\/\/www.delila.cz\/wp-content\/uploads\/img_a314041_w2434_t1524815450.jpg","height":0,"width":0},"wordCount":511,"keywords":null},{"@type":"Article","@id":"https:\/\/www.delila.cz\/hypoteka-neni-jenom-o-urocich\/","headline":"Hypot\u00e9ka nen\u00ed jenom o \u00faroc\u00edch","url":"https:\/\/www.delila.cz\/hypoteka-neni-jenom-o-urocich\/","datePublished":"2018-02-24","dateModified":"2018-02-24","mainEntityOfPage":"https:\/\/www.delila.cz\/hypoteka-neni-jenom-o-urocich\/","author":{"@type":"Person","@id":"https:\/\/www.delila.cz\/author\/#Person","name":"delila.cz","url":"https:\/\/www.delila.cz\/author\/","identifier":1,"image":{"@type":"ImageObject","@id":"https:\/\/secure.gravatar.com\/avatar\/cbcb92d2d459f60d1dc08d6e5973c6b0ed1017e8a3b51da0599e03841cfa81e6?s=96&d=mm&r=g","url":"https:\/\/secure.gravatar.com\/avatar\/cbcb92d2d459f60d1dc08d6e5973c6b0ed1017e8a3b51da0599e03841cfa81e6?s=96&d=mm&r=g","height":96,"width":96}},"publisher":{"@type":"Organization","name":"delila.cz","logo":{"@type":"ImageObject","@id":"\/logo.png","url":"\/logo.png","width":600,"height":60}},"image":{"@type":"ImageObject","@id":"https:\/\/www.delila.cz\/wp-content\/uploads\/img_a313699_w1759_t1524567288.jpg","url":"https:\/\/www.delila.cz\/wp-content\/uploads\/img_a313699_w1759_t1524567288.jpg","height":0,"width":0},"wordCount":587,"keywords":null},{"@type":"Article","@id":"https:\/\/www.delila.cz\/poppers-rush\/","headline":"Poppers rush","url":"https:\/\/www.delila.cz\/poppers-rush\/","datePublished":"2018-01-10","dateModified":"2018-01-10","mainEntityOfPage":"https:\/\/www.delila.cz\/poppers-rush\/","author":{"@type":"Person","@id":"https:\/\/www.delila.cz\/author\/#Person","name":"delila.cz","url":"https:\/\/www.delila.cz\/author\/","identifier":1,"image":{"@type":"ImageObject","@id":"https:\/\/secure.gravatar.com\/avatar\/cbcb92d2d459f60d1dc08d6e5973c6b0ed1017e8a3b51da0599e03841cfa81e6?s=96&d=mm&r=g","url":"https:\/\/secure.gravatar.com\/avatar\/cbcb92d2d459f60d1dc08d6e5973c6b0ed1017e8a3b51da0599e03841cfa81e6?s=96&d=mm&r=g","height":96,"width":96}},"publisher":{"@type":"Organization","name":"delila.cz","logo":{"@type":"ImageObject","@id":"\/logo.png","url":"\/logo.png","width":600,"height":60}},"image":{"@type":"ImageObject","@id":"https:\/\/www.delila.cz\/wp-content\/uploads\/img_a309828_w2434_t1520845646.jpg","url":"https:\/\/www.delila.cz\/wp-content\/uploads\/img_a309828_w2434_t1520845646.jpg","height":0,"width":0},"wordCount":544,"keywords":null},{"@type":"Article","@id":"https:\/\/www.delila.cz\/rychly-ubytek-kilogramu-i-centimetru\/","headline":"Rychl\u00fd \u00fabytek kilogram\u016f i centimetr\u016f","url":"https:\/\/www.delila.cz\/rychly-ubytek-kilogramu-i-centimetru\/","datePublished":"2018-01-02","dateModified":"2018-01-02","mainEntityOfPage":"https:\/\/www.delila.cz\/rychly-ubytek-kilogramu-i-centimetru\/","author":{"@type":"Person","@id":"https:\/\/www.delila.cz\/author\/#Person","name":"delila.cz","url":"https:\/\/www.delila.cz\/author\/","identifier":1,"image":{"@type":"ImageObject","@id":"https:\/\/secure.gravatar.com\/avatar\/cbcb92d2d459f60d1dc08d6e5973c6b0ed1017e8a3b51da0599e03841cfa81e6?s=96&d=mm&r=g","url":"https:\/\/secure.gravatar.com\/avatar\/cbcb92d2d459f60d1dc08d6e5973c6b0ed1017e8a3b51da0599e03841cfa81e6?s=96&d=mm&r=g","height":96,"width":96}},"publisher":{"@type":"Organization","name":"delila.cz","logo":{"@type":"ImageObject","@id":"\/logo.png","url":"\/logo.png","width":600,"height":60}},"image":{"@type":"ImageObject","@id":"https:\/\/www.delila.cz\/wp-content\/uploads\/img_a308924_w2434_t1519976889.jpg","url":"https:\/\/www.delila.cz\/wp-content\/uploads\/img_a308924_w2434_t1519976889.jpg","height":0,"width":0},"wordCount":636,"keywords":null}]},{"@context":"https:\/\/schema.org","@type":"WebSite","@id":"https:\/\/www.delila.cz\/#website","name":"Delila","url":"https:\/\/www.delila.cz","potentialAction":{"@type":"SearchAction","target":"https:\/\/www.delila.cz\/?s={search_term_string}","query-input":"required name=search_term_string"}}]