[{"@context":"https:\/\/schema.org\/","@type":"Article","@id":"https:\/\/www.delila.cz\/nakupujeme-plovaci-vestu\/#Article","mainEntityOfPage":"https:\/\/www.delila.cz\/nakupujeme-plovaci-vestu\/","headline":"Nakupujeme plovac\u00ed vestu","name":"Nakupujeme plovac\u00ed vestu","description":"Se sj\u00ed\u017ed\u011bn\u00edm \u0159eky na raftu se dnes doslova roztrhl pytel. Do takov\u00fdch akc\u00ed se pou\u0161t\u00ed i lid\u00e9 nezku\u0161en\u00ed, kte\u0159\u00ed nepodstoupili \u017e\u00e1dn\u00fd tr\u00e9nink v\u00a0tekouc\u00ed chladn\u00e9 vod\u011b, a cestovn\u00ed agentury \u010dasto vybaven\u00ed pro takov\u00e9 klienty zanedb\u00e1vaj\u00ed. P\u0159edev\u0161\u00edm by m\u011bly zajistit plovac\u00ed vesty s\u00a0vy\u0161\u0161\u00edm vztlakem, kter\u00e9 dob\u0159e nadn\u00e1\u0161\u00ed. Vesta by m\u011bla b\u00fdt vybavena i nadleh\u010dovac\u00edm l\u00edmcem, kter\u00fd pom\u00e1h\u00e1 udr\u017eet hlavu [&hellip;]","datePublished":"2024-10-03","dateModified":"2024-10-03","author":{"@type":"Person","@id":"https:\/\/www.delila.cz\/author\/#Person","name":"delila.cz","url":"https:\/\/www.delila.cz\/author\/","identifier":1,"image":{"@type":"ImageObject","@id":"https:\/\/secure.gravatar.com\/avatar\/cbcb92d2d459f60d1dc08d6e5973c6b0ed1017e8a3b51da0599e03841cfa81e6?s=96&d=mm&r=g","url":"https:\/\/secure.gravatar.com\/avatar\/cbcb92d2d459f60d1dc08d6e5973c6b0ed1017e8a3b51da0599e03841cfa81e6?s=96&d=mm&r=g","height":96,"width":96}},"publisher":{"@type":"Organization","name":"delila.cz","logo":{"@type":"ImageObject","@id":"\/logo.png","url":"\/logo.png","width":600,"height":60}},"image":{"@type":"ImageObject","@id":"https:\/\/www.delila.cz\/wp-content\/uploads\/img_a308234_w2434_t1519332085.jpg","url":"https:\/\/www.delila.cz\/wp-content\/uploads\/img_a308234_w2434_t1519332085.jpg","height":0,"width":0},"url":"https:\/\/www.delila.cz\/nakupujeme-plovaci-vestu\/","about":["V\u00fdrobky"],"wordCount":473,"articleBody":"\tSe sj\u00ed\u017ed\u011bn\u00edm \u0159eky na raftu se dnes doslova roztrhl pytel. Do takov\u00fdch akc\u00ed se pou\u0161t\u00ed i lid\u00e9 nezku\u0161en\u00ed, kte\u0159\u00ed nepodstoupili \u017e\u00e1dn\u00fd tr\u00e9nink v\u00a0tekouc\u00ed chladn\u00e9 vod\u011b, a cestovn\u00ed agentury \u010dasto vybaven\u00ed pro takov\u00e9 klienty zanedb\u00e1vaj\u00ed. P\u0159edev\u0161\u00edm by m\u011bly zajistit plovac\u00ed vesty s\u00a0vy\u0161\u0161\u00edm vztlakem, kter\u00e9 dob\u0159e nadn\u00e1\u0161\u00ed. Vesta by m\u011bla b\u00fdt vybavena i nadleh\u010dovac\u00edm l\u00edmcem, kter\u00fd pom\u00e1h\u00e1 udr\u017eet hlavu nad hladinou ve vzp\u0159\u00edmen\u00e9 poloze. \u0158ada lid\u00ed toti\u017e v\u00a0\u0161oku podl\u00e9h\u00e1 panice, pot\u00e1p\u00ed se a p\u0159est\u00e1v\u00e1 plavat. Vesty ur\u010den\u00e9 pro rafty jsou robustn\u00ed, ov\u0161em na \u00fakor volnosti pohybu, je to z\u00a0toho d\u016fvodu, aby unesly i t\u011b\u017ek\u00e9ho plavce. Mus\u00ed b\u00fdt dob\u0159e na t\u011ble upevn\u011bn\u00e9 a pokud mo\u017eno s\u00a0ramenn\u00edmi popruhy, za kter\u00e9 plavce sn\u00e1ze vyt\u00e1hnete na b\u0159eh, nebo zp\u011bt na palubu raftu.\t\tJin\u00e9 jsou vesty pro raf\u0165\u00e1ky, jin\u00e9 zas pro kajak\u00e1\u0159e\tOdli\u0161n\u00e1 situace nast\u00e1v\u00e1 u vod\u00e1ck\u00fdch akc\u00ed na klidn\u011bj\u0161\u00edch toc\u00edch a v\u00a0m\u00edstech, kde je snadn\u00e1 z\u00e1chrana ze b\u0159ehu, nebo kde je pro vod\u00e1ka b\u0159eh snadno dosa\u017eiteln\u00fd. Tam obvykle posta\u010d\u00ed vesty pro kanoistiku.\u00a0 Tyto vesty jsou konstruovan\u00e9 pro plav\u00e1n\u00ed na z\u00e1dech, co\u017e je tak\u00e9 spr\u00e1vn\u00fd zp\u016fsob pohybu v\u00a0rychle tekouc\u00edch vod\u00e1ch. Plavaj\u00edc\u00ed osoba m\u00e1 m\u00edt nohy m\u00edrn\u011b zvednut\u00e9 nad vodu sm\u011brem po proudu, hlavu rovn\u011b\u017e zvednutou nad hladinu a vesta je zes\u00edlena v\u00a0p\u0159edn\u00ed \u010d\u00e1sti, co\u017e p\u0159i plav\u00e1n\u00ed na z\u00e1dech pom\u00e1h\u00e1.\t\tU mal\u00fdch d\u011bt\u00ed nast\u00e1v\u00e1 zvl\u00e1\u0161tn\u00ed situace, pokud je hlava t\u011b\u017e\u0161\u00ed ne\u017e nohy. Tam mus\u00edme volit vestu s\u00a0l\u00edmcem, kter\u00e1 udr\u017euje hlavu ve zp\u0159\u00edmen\u00e9 poloze nad hladinou, jinak m\u00e1 b\u011b\u017en\u00e1 vesta tendenci pot\u00e1p\u011bt d\u011btskou hlavi\u010dku pod vodu.\tVesta mus\u00ed dob\u0159e sed\u011bt a b\u00fdt pohodln\u00e1\tVesta by m\u011bla b\u00fdt pevn\u011b upnut\u00e1, ale z\u00e1rove\u0148 pohodln\u00e1, s\u00a0dostate\u010dn\u011b velk\u00fdm v\u00fdst\u0159ihem pro voln\u00fd pohyb rukou. Dnes u\u017e se vesty vyr\u00e1b\u00ed z\u00a0m\u011bkk\u00fdch a p\u0159\u00edjemn\u00fdch materi\u00e1l\u016f, kter\u00e9 ne\u0161krt\u00ed, a ve vest\u011b si nep\u0159ipad\u00e1te jako v\u00a0krun\u00fd\u0159i. Star\u00e9 vesty vycpan\u00e9 polystyrenem u\u017e se zkr\u00e1tka nenos\u00ed.\t\tN\u011bkter\u00e9 vesty m\u00edvaj\u00ed kapsy na fo\u0165\u00e1ky nebo mobiln\u00ed telefony, mus\u00edte v\u0161ak po\u010d\u00edtat s\u00a0t\u00edm, \u017ee nejsou vodot\u011bsn\u00e9. Na divok\u00e9 vod\u011b a v\u00a0t\u011b\u017e\u0161\u00edch ter\u00e9nech se doporu\u010duje m\u00edt vestu se speci\u00e1ln\u00edm bezpe\u010dnostn\u00edm popruhem, za kter\u00fd se d\u00e1 zachytit karabina. Tonouc\u00edho vod\u00e1ka za ni vyprost\u00edte z\u00a0vody pomoc\u00ed hozen\u00e9ho lana.                                                                                                                                                                                                                                                                                                                                                                                        3.6\/5 - (7 votes)        "},{"@context":"https:\/\/schema.org\/","@type":"BreadcrumbList","itemListElement":[{"@type":"ListItem","position":1,"name":"Nakupujeme plovac\u00ed vestu","item":"https:\/\/www.delila.cz\/nakupujeme-plovaci-vestu\/#breadcrumbitem"}]}]