[{"@context":"https:\/\/schema.org\/","@type":"Article","@id":"https:\/\/www.delila.cz\/i-u-bazenu-dvakrat-merte\/#Article","mainEntityOfPage":"https:\/\/www.delila.cz\/i-u-bazenu-dvakrat-merte\/","headline":"I u baz\u00e9nu dvakr\u00e1t m\u011b\u0159te","name":"I u baz\u00e9nu dvakr\u00e1t m\u011b\u0159te","description":"Baz\u00e9n je sv\u00fdm zp\u016fsobem tak\u00e9 takov\u00e1 velk\u00e1 vana. A proto je logick\u00e9, \u017ee by se o n\u011bm dalo v podstat\u011b uva\u017eovat podobn\u011b jako o t\u00e9 van\u011b p\u0159ed chv\u00edl\u00ed. Proto\u017ee a\u0165 si to \u010dlov\u011bk v prvn\u00ed chv\u00edli uv\u011bdom\u00ed nebo ne, neznamen\u00e1 vlastnictv\u00ed baz\u00e9nu v\u016fbec jistotu, \u017ee tento bude p\u0159esn\u011b t\u00edm, co je od n\u011bj o\u010dek\u00e1v\u00e1no, co v\u00edd\u00e1me leckde, [&hellip;]","datePublished":"2019-01-05","dateModified":"2019-01-05","author":{"@type":"Person","@id":"https:\/\/www.delila.cz\/author\/#Person","name":"delila.cz","url":"https:\/\/www.delila.cz\/author\/","identifier":1,"image":{"@type":"ImageObject","@id":"https:\/\/secure.gravatar.com\/avatar\/cbcb92d2d459f60d1dc08d6e5973c6b0ed1017e8a3b51da0599e03841cfa81e6?s=96&d=mm&r=g","url":"https:\/\/secure.gravatar.com\/avatar\/cbcb92d2d459f60d1dc08d6e5973c6b0ed1017e8a3b51da0599e03841cfa81e6?s=96&d=mm&r=g","height":96,"width":96}},"publisher":{"@type":"Organization","name":"delila.cz","logo":{"@type":"ImageObject","@id":"\/logo.png","url":"\/logo.png","width":600,"height":60}},"image":{"@type":"ImageObject","@id":"https:\/\/www.delila.cz\/wp-content\/uploads\/img_a335781_w2434_t1548954538.jpg","url":"https:\/\/www.delila.cz\/wp-content\/uploads\/img_a335781_w2434_t1548954538.jpg","height":0,"width":0},"url":"https:\/\/www.delila.cz\/i-u-bazenu-dvakrat-merte\/","about":["V\u00fdrobky"],"wordCount":507,"articleBody":"Baz\u00e9n je sv\u00fdm zp\u016fsobem tak\u00e9 takov\u00e1 velk\u00e1 vana. A proto je logick\u00e9, \u017ee by se o n\u011bm dalo v podstat\u011b uva\u017eovat podobn\u011b jako o t\u00e9 van\u011b p\u0159ed chv\u00edl\u00ed. Proto\u017ee a\u0165 si to \u010dlov\u011bk v prvn\u00ed chv\u00edli uv\u011bdom\u00ed nebo ne, neznamen\u00e1 vlastnictv\u00ed baz\u00e9nu v\u016fbec jistotu, \u017ee tento bude p\u0159esn\u011b t\u00edm, co je od n\u011bj o\u010dek\u00e1v\u00e1no, co v\u00edd\u00e1me leckde, od reklamn\u00edch materi\u00e1l\u016f a\u017e po skute\u010dn\u00e9 exempl\u00e1\u0159e v sousedstv\u00ed. -Proto\u017ee dok\u00e1\u017eete si p\u0159edstavit, \u017ee byste m\u011bli baz\u00e9n na nevhodn\u00e9m m\u00edst\u011b? T\u0159eba pod stromem, ze kter\u00e9ho by v\u00e1m do n\u011bj padalo list\u00ed, ovoce a t\u0159eba i pta\u010d\u00ed trus? -Dok\u00e1\u017eete si p\u0159edstavit, \u017ee by byl v\u00e1\u0161 baz\u00e9n nestabiln\u00ed a pohupoval se v\u00e1m pod nohama? -\u017de by byl nak\u0159\u00e1pl\u00fd a co chv\u00edli jste tak do n\u011bj museli nal\u00e9vat dal\u0161\u00ed a dal\u0161\u00ed vodu? -\u017de byste ho t\u0159eba m\u011bli sice na dohled, ale a\u017e za sousedov\u00fdm pozemkem, kter\u00fd byste museli p\u016fl hodiny obch\u00e1zet? Takov\u00fdch a podobn\u00fdch probl\u00e9m\u016f m\u016f\u017ee nastat! Jen m\u00e1lo sta\u010d\u00ed a \u010dlov\u011bk m\u00e1 r\u00e1zem zad\u011bl\u00e1no na pot\u00ed\u017ee. A to jenom proto, \u017ee nevzal za sv\u00e9 heslo . Aby se \u010dlov\u011bk mohl st\u00e1t vlastn\u00edkem baz\u00e9nu a v tomto si posl\u00e9ze dop\u0159\u00e1vat osv\u011b\u017een\u00ed za tepl\u00fdch letn\u00edch dn\u016f, nem\u011bl by se omezit pouze na jeho koupi a napu\u0161t\u011bn\u00ed. Proto\u017ee aby baz\u00e9n dob\u0159e slou\u017eil, mus\u00ed se pro tento \u00fa\u010del dob\u0159e p\u0159ipravit. -P\u0159edn\u011b je t\u0159eba vybrat vhodn\u00e9 m\u00edsto, tedy m\u00edsto rovn\u00e9, na n\u011bm\u017e by nehrozilo, \u017ee nerovnost ter\u00e9nu pozvolna po\u0161kod\u00ed dno, respektive st\u011bny. -D\u00e1le je t\u0159eba z takov\u00e9ho m\u00edsta odstranit kam\u00ednky a jin\u00e9 ostr\u00e9 p\u0159edm\u011bty, je\u017e by mohly pod tlakem nad\u011blat z onoho baz\u00e9nu dost mo\u017en\u00e1 i u\u010din\u011bn\u00fd cedn\u00edk. -V \u017e\u00e1dn\u00e9m p\u0159\u00edpad\u011b neu\u0161kod\u00ed, kdy\u017e se takov\u00e9 dno p\u0159ed instalac\u00ed vysype jemn\u00fdm \u0161t\u011brkem a podlo\u017e\u00ed plachtou pod baz\u00e9n, je\u017e chr\u00e1n\u00ed dno a sou\u010dasn\u011b br\u00e1n\u00ed vzniku pl\u00edsn\u00ed \u010di jin\u00fdch probl\u00e9m\u016f. -A pochopiteln\u011b nen\u00ed na \u0161kodu ani to, kdy\u017e se baz\u00e9n po instalaci vybav\u00ed za\u0159\u00edzen\u00edmi, je\u017e usnad\u0148uj\u00ed p\u00e9\u010di o \u010distotu vody, respektive kdy\u017e se po\u0159\u00edd\u00ed kvalitn\u00ed baz\u00e9nov\u00e1 chemie, d\u00edky n\u00ed\u017e m\u00e1me pozd\u011bji baz\u00e9n k\u0159i\u0161\u0165\u00e1lov\u011bj\u0161\u00ed ne\u017e stud\u00e1nku, kde nejhlub\u0161\u00ed je les, kde roste tmav\u00e9 kaprad\u00ed a v\u016fkol rud\u00fd v\u0159es. A pak u\u017e se m\u016f\u017ee \u010dlov\u011bk jenom t\u011b\u0161it ze sv\u00e9ho miniaturn\u00edho koupali\u0161t\u011b. Je\u017e mu v l\u00e9t\u011b prok\u00e1\u017ee dobrou slu\u017ebu \u2013 a\u017e se ti, kdo pochybili, budou koupat leda tak ve vlast\u00edm potu.                                                                                                                                                                                                                                                                                                                                                                                        4.2\/5 - (9 votes)        "},{"@context":"https:\/\/schema.org\/","@type":"BreadcrumbList","itemListElement":[{"@type":"ListItem","position":1,"name":"I u baz\u00e9nu dvakr\u00e1t m\u011b\u0159te","item":"https:\/\/www.delila.cz\/i-u-bazenu-dvakrat-merte\/#breadcrumbitem"}]}]