[{"@context":"https:\/\/schema.org\/","@type":"Article","@id":"https:\/\/www.delila.cz\/fotovoltaika\/#Article","mainEntityOfPage":"https:\/\/www.delila.cz\/fotovoltaika\/","headline":"Fotovoltaika","name":"Fotovoltaika","description":"P\u0159ijm\u011bte na\u0161e pozv\u00e1n\u00ed, nakupujte \u010dty\u0159iadvacet hodin denn\u011b a sni\u017ete tak jednou prov\u017edy energetick\u00e9 zat\u00ed\u017een\u00ed va\u0161\u00ed dom\u00e1cnosti, kancel\u00e1\u0159e, provozovny\u2026 \u00daspora energie pro v\u00e1s m\u016f\u017ee b\u00fdt v\u00edce ne\u017e v\u00fdznamn\u00e1 a p\u0159\u00edjemn\u00e1, pokud vsad\u00edte nap\u0159\u00edklad na fotovoltaiku, tedy na v\u00fdrobu elekt\u0159iny ze slune\u010dn\u00edho z\u00e1\u0159en\u00ed. Pokud m\u00e1te obavu z toho, \u017ee je tato z\u00e1le\u017eitost p\u0159\u00edli\u0161 slo\u017eit\u00e1 a \u017ee by v\u00e1s st\u00e1la [&hellip;]","datePublished":"2023-04-05","dateModified":"2023-04-05","author":{"@type":"Person","@id":"https:\/\/www.delila.cz\/author\/#Person","name":"delila.cz","url":"https:\/\/www.delila.cz\/author\/","identifier":1,"image":{"@type":"ImageObject","@id":"https:\/\/secure.gravatar.com\/avatar\/cbcb92d2d459f60d1dc08d6e5973c6b0ed1017e8a3b51da0599e03841cfa81e6?s=96&d=mm&r=g","url":"https:\/\/secure.gravatar.com\/avatar\/cbcb92d2d459f60d1dc08d6e5973c6b0ed1017e8a3b51da0599e03841cfa81e6?s=96&d=mm&r=g","height":96,"width":96}},"publisher":{"@type":"Organization","name":"delila.cz","logo":{"@type":"ImageObject","@id":"\/logo.png","url":"\/logo.png","width":600,"height":60}},"url":"https:\/\/www.delila.cz\/fotovoltaika\/","wordCount":255,"articleBody":"P\u0159ijm\u011bte na\u0161e pozv\u00e1n\u00ed, nakupujte \u010dty\u0159iadvacet hodin denn\u011b a sni\u017ete tak jednou prov\u017edy energetick\u00e9 zat\u00ed\u017een\u00ed va\u0161\u00ed dom\u00e1cnosti, kancel\u00e1\u0159e, provozovny\u2026 \u00daspora energie pro v\u00e1s m\u016f\u017ee b\u00fdt v\u00edce ne\u017e v\u00fdznamn\u00e1 a p\u0159\u00edjemn\u00e1, pokud vsad\u00edte nap\u0159\u00edklad na fotovoltaiku, tedy na v\u00fdrobu elekt\u0159iny ze slune\u010dn\u00edho z\u00e1\u0159en\u00ed. Pokud m\u00e1te obavu z toho, \u017ee je tato z\u00e1le\u017eitost p\u0159\u00edli\u0161 slo\u017eit\u00e1 a \u017ee by v\u00e1s st\u00e1la p\u0159\u00edli\u0161 mnoho pen\u011bz a \u00fasil\u00ed \u2013 m\u00fdl\u00edte se. Prohl\u00e9dn\u011bte si nab\u00eddku na internetov\u00fdch str\u00e1nk\u00e1ch IQEnergy a uvid\u00edte, o jak jednoduch\u00e9 a cenov\u011b dostupn\u00e9 za\u0159\u00edzen\u00ed se m\u016f\u017ee jednat.Sol\u00e1rn\u00ed ventilaceMo\u017en\u00e1 v\u00e1s zaujme \u00faspora energie prost\u0159ednictv\u00edm problematiky sol\u00e1rn\u00ed ventilace. M\u016f\u017eete si po\u0159\u00eddit panel, kter\u00fd dok\u00e1\u017ee plnit t\u0159i funkce najednou. Z\u00e1le\u017e\u00ed jen na v\u00e1s, kterou pr\u00e1v\u011b budete \u017e\u00e1dat a pot\u0159ebovat. Budete cht\u00edt, aby poka\u017ed\u00e9, kdy\u017e venku zasv\u00edt\u00ed slunce, proudil do m\u00edstnost\u00ed \u010derstv\u00fd venkovn\u00ed vzduch? Poslou\u017e\u00ed v\u00e1m ventilace. Pot\u0159ebujete vytla\u010dovat vlhkost z prostoru? Poslou\u017e\u00ed v\u00e1m odvlh\u010dov\u00e1n\u00ed. Pot\u0159ebujete p\u0159itopit a oh\u0159\u00e1t vzduch v\u00fdrazn\u011b oproti venkovn\u00ed teplot\u011b? Vyu\u017eijete funkce temperov\u00e1n\u00ed. Jak je to mo\u017en\u00e9? Podrobn\u00e9 informace hledejte na IQEnergy. K dispozici pro v\u00e1s je rovn\u011b\u017e infolinka, na kter\u00e9 r\u00e1di zodpov\u00edme ve\u0161ker\u00e9 va\u0161e dotazy.                                                                                                                                                                                                                                                                                                                                                                                        4.2\/5 - (8 votes)        "},{"@context":"https:\/\/schema.org\/","@type":"BreadcrumbList","itemListElement":[{"@type":"ListItem","position":1,"name":"Fotovoltaika","item":"https:\/\/www.delila.cz\/fotovoltaika\/#breadcrumbitem"}]}]