{"@context":"https:\/\/schema.org\/","@type":"CollectionPage","@id":"https:\/\/www.delila.cz\/elektro\/#CollectionPage","headline":"Elektro Category","description":"","url":"https:\/\/www.delila.cz\/elektro\/","hasPart":[{"@type":"Article","@id":"https:\/\/www.delila.cz\/poznate-co-znamenaji-u-chladnicek-a-mrazaku-tyto-cizojazycne-vyrazy\/","headline":"Pozn\u00e1te, co znamenaj\u00ed u chladni\u010dek a mraz\u00e1k\u016f tyto cizojazy\u010dn\u00e9 v\u00fdrazy?","url":"https:\/\/www.delila.cz\/poznate-co-znamenaji-u-chladnicek-a-mrazaku-tyto-cizojazycne-vyrazy\/","datePublished":"2024-10-06","dateModified":"2024-10-06","mainEntityOfPage":"https:\/\/www.delila.cz\/poznate-co-znamenaji-u-chladnicek-a-mrazaku-tyto-cizojazycne-vyrazy\/","author":{"@type":"Person","@id":"https:\/\/www.delila.cz\/author\/#Person","name":"delila.cz","url":"https:\/\/www.delila.cz\/author\/","identifier":1,"image":{"@type":"ImageObject","@id":"https:\/\/secure.gravatar.com\/avatar\/cbcb92d2d459f60d1dc08d6e5973c6b0ed1017e8a3b51da0599e03841cfa81e6?s=96&d=mm&r=g","url":"https:\/\/secure.gravatar.com\/avatar\/cbcb92d2d459f60d1dc08d6e5973c6b0ed1017e8a3b51da0599e03841cfa81e6?s=96&d=mm&r=g","height":96,"width":96}},"publisher":{"@type":"Organization","name":"delila.cz","logo":{"@type":"ImageObject","@id":"\/logo.png","url":"\/logo.png","width":600,"height":60}},"image":{"@type":"ImageObject","@id":"https:\/\/www.delila.cz\/wp-content\/uploads\/img_a308248_w2434_t1519372471.jpg","url":"https:\/\/www.delila.cz\/wp-content\/uploads\/img_a308248_w2434_t1519372471.jpg","height":0,"width":0},"keywords":null},{"@type":"Article","@id":"https:\/\/www.delila.cz\/dulezite-je-vhodne-osvetleni\/","headline":"D\u016fle\u017eit\u00e9 je vhodn\u00e9 osv\u011btlen\u00ed","url":"https:\/\/www.delila.cz\/dulezite-je-vhodne-osvetleni\/","datePublished":"2018-06-20","dateModified":"2018-06-20","mainEntityOfPage":"https:\/\/www.delila.cz\/dulezite-je-vhodne-osvetleni\/","author":{"@type":"Person","@id":"https:\/\/www.delila.cz\/author\/#Person","name":"delila.cz","url":"https:\/\/www.delila.cz\/author\/","identifier":1,"image":{"@type":"ImageObject","@id":"https:\/\/secure.gravatar.com\/avatar\/cbcb92d2d459f60d1dc08d6e5973c6b0ed1017e8a3b51da0599e03841cfa81e6?s=96&d=mm&r=g","url":"https:\/\/secure.gravatar.com\/avatar\/cbcb92d2d459f60d1dc08d6e5973c6b0ed1017e8a3b51da0599e03841cfa81e6?s=96&d=mm&r=g","height":96,"width":96}},"publisher":{"@type":"Organization","name":"delila.cz","logo":{"@type":"ImageObject","@id":"\/logo.png","url":"\/logo.png","width":600,"height":60}},"image":{"@type":"ImageObject","@id":"https:\/\/www.delila.cz\/wp-content\/uploads\/img_a320510_w2434_t1531769676.jpg","url":"https:\/\/www.delila.cz\/wp-content\/uploads\/img_a320510_w2434_t1531769676.jpg","height":0,"width":0},"keywords":null},{"@type":"Article","@id":"https:\/\/www.delila.cz\/dovolena-v-chorvatsku\/","headline":"Dovolen\u00e1 v Chorvatsku","url":"https:\/\/www.delila.cz\/dovolena-v-chorvatsku\/","datePublished":"2018-03-03","dateModified":"2018-03-03","mainEntityOfPage":"https:\/\/www.delila.cz\/dovolena-v-chorvatsku\/","author":{"@type":"Person","@id":"https:\/\/www.delila.cz\/author\/#Person","name":"delila.cz","url":"https:\/\/www.delila.cz\/author\/","identifier":1,"image":{"@type":"ImageObject","@id":"https:\/\/secure.gravatar.com\/avatar\/cbcb92d2d459f60d1dc08d6e5973c6b0ed1017e8a3b51da0599e03841cfa81e6?s=96&d=mm&r=g","url":"https:\/\/secure.gravatar.com\/avatar\/cbcb92d2d459f60d1dc08d6e5973c6b0ed1017e8a3b51da0599e03841cfa81e6?s=96&d=mm&r=g","height":96,"width":96}},"publisher":{"@type":"Organization","name":"delila.cz","logo":{"@type":"ImageObject","@id":"\/logo.png","url":"\/logo.png","width":600,"height":60}},"image":{"@type":"ImageObject","@id":"https:\/\/www.delila.cz\/wp-content\/uploads\/img_a312874_w2445_t1523612513.jpg","url":"https:\/\/www.delila.cz\/wp-content\/uploads\/img_a312874_w2445_t1523612513.jpg","height":0,"width":0},"keywords":null}]}