[{"@context":"https:\/\/schema.org\/","@type":"Article","@id":"https:\/\/www.delila.cz\/barevne-sladena-svatba\/#Article","mainEntityOfPage":"https:\/\/www.delila.cz\/barevne-sladena-svatba\/","headline":"Barevn\u011b slad\u011bn\u00e1 svatba","name":"Barevn\u011b slad\u011bn\u00e1 svatba","description":"P\u0159i p\u0159\u00edprav\u011b velk\u00e9ho dne, kter\u00fd m\u00e1 zapo\u010d\u00edt novou kapitolu va\u0161eho \u017eivota, jist\u011b pl\u00e1nujete ka\u017ed\u00fd detail. A\u0165 u\u017e jste se rozhodli pro mal\u00fd ob\u0159ad jen se sv\u011bdky a nejbli\u017e\u0161\u00ed rodinou, nebo se chcete o svou radost a sv\u00e9 \u0161t\u011bst\u00ed pod\u011blit s v\u011bt\u0161\u00edm po\u010dtem lid\u00ed, p\u0159em\u00fd\u0161l\u00edte nad detaily i nad vhodn\u00fdm zp\u016fsobem, jak o sv\u00e9m rozhodnut\u00ed informovat. Roze\u0161lete svatebn\u00ed [&hellip;]","datePublished":"2023-11-26","dateModified":"2023-11-26","author":{"@type":"Person","@id":"https:\/\/www.delila.cz\/author\/#Person","name":"delila.cz","url":"https:\/\/www.delila.cz\/author\/","identifier":1,"image":{"@type":"ImageObject","@id":"https:\/\/secure.gravatar.com\/avatar\/cbcb92d2d459f60d1dc08d6e5973c6b0ed1017e8a3b51da0599e03841cfa81e6?s=96&d=mm&r=g","url":"https:\/\/secure.gravatar.com\/avatar\/cbcb92d2d459f60d1dc08d6e5973c6b0ed1017e8a3b51da0599e03841cfa81e6?s=96&d=mm&r=g","height":96,"width":96}},"publisher":{"@type":"Organization","name":"delila.cz","logo":{"@type":"ImageObject","@id":"\/logo.png","url":"\/logo.png","width":600,"height":60}},"url":"https:\/\/www.delila.cz\/barevne-sladena-svatba\/","wordCount":229,"articleBody":"P\u0159i p\u0159\u00edprav\u011b velk\u00e9ho dne, kter\u00fd m\u00e1 zapo\u010d\u00edt novou kapitolu va\u0161eho \u017eivota, jist\u011b pl\u00e1nujete ka\u017ed\u00fd detail. A\u0165 u\u017e jste se rozhodli pro mal\u00fd ob\u0159ad jen se sv\u011bdky a nejbli\u017e\u0161\u00ed rodinou, nebo se chcete o svou radost a sv\u00e9 \u0161t\u011bst\u00ed pod\u011blit s v\u011bt\u0161\u00edm po\u010dtem lid\u00ed, p\u0159em\u00fd\u0161l\u00edte nad detaily i nad vhodn\u00fdm zp\u016fsobem, jak o sv\u00e9m rozhodnut\u00ed informovat. Roze\u0161lete svatebn\u00ed ozn\u00e1men\u00ed, kter\u00e1 budou barevn\u011b ladit s v\u00fdzdobou na ob\u0159adu a v pr\u016fb\u011bhu hostiny, nebo budou m\u00edt pouze Va\u0161i obl\u00edbenou barvu. D\u00e1vno nemus\u00edte z\u016fst\u00e1vat u b\u00edl\u00e9 a zlat\u00e9.\tSlo\u017eit\u00e9 d\u011brovan\u00e9 vzory i jednoduch\u00e1 eleganceV na\u0161\u00ed \u0161irok\u00e9 nab\u00eddce si m\u016f\u017eete prohl\u00e9dnout ozn\u00e1men\u00ed, kter\u00e1 vynikaj\u00ed svou honosnost\u00ed, vyum\u011blkovanost\u00ed a slo\u017eit\u00fdmi vzory, jsou v\u00fdrazn\u00e1, barevn\u00e1 a opat\u0159en\u00e9 ozdobami v podob\u011b atlasov\u00fdch stuh, \u010di \u0161trasov\u00fdch kam\u00ednk\u016f. Jejich protip\u00f3lem jsou t\u00e9m\u011b\u0159 oby\u010dejn\u00e1, kter\u00e1 v\u0161ak oslov\u00ed svou jednoduchou eleganc\u00ed, u kter\u00fdch m\u00e9n\u011b znamen\u00e1 v\u00edce. M\u016f\u017eete jim dodat osobn\u00ed rozm\u011br i p\u0159id\u00e1n\u00edm fotografie. Vyberte si p\u0159esn\u011b takov\u00e9, kter\u00e9 sd\u011bl\u00ed V\u00e1\u0161 z\u00e1m\u011br spojit sv\u00e9 \u017eivoty, jako byste jej sd\u011blovali z o\u010d\u00ed do o\u010d\u00ed.                                                                                                                                                                                                                                                                                                                                                                                        4.1\/5 - (7 votes)        "},{"@context":"https:\/\/schema.org\/","@type":"BreadcrumbList","itemListElement":[{"@type":"ListItem","position":1,"name":"Barevn\u011b slad\u011bn\u00e1 svatba","item":"https:\/\/www.delila.cz\/barevne-sladena-svatba\/#breadcrumbitem"}]}]